{"id":19952,"date":"2024-09-15T13:31:25","date_gmt":"2024-09-15T11:31:25","guid":{"rendered":"https:\/\/golfclubabenberg.de\/?p=19952"},"modified":"2024-09-15T13:31:25","modified_gmt":"2024-09-15T11:31:25","slug":"oeffnung-und-proshop-herbst24","status":"publish","type":"post","link":"https:\/\/golfclubabenberg.de\/index.php\/2024\/09\/15\/oeffnung-und-proshop-herbst24\/","title":{"rendered":"\u00d6ffnungszeiten und ProShop im Herbst 2024"},"content":{"rendered":"<h3><img loading=\"lazy\" class=\"wp-image-19953 size-full alignleft\" src=\"https:\/\/golfclubabenberg.de\/wp-content\/uploads\/ProShop_April18-1.jpg\" alt=\"\" width=\"570\" height=\"350\" srcset=\"https:\/\/golfclubabenberg.de\/wp-content\/uploads\/ProShop_April18-1.jpg 570w, https:\/\/golfclubabenberg.de\/wp-content\/uploads\/ProShop_April18-1-300x184.jpg 300w\" sizes=\"(max-width: 570px) 100vw, 570px\" \/>Sekretariat: \u00d6ffnungszeiten und Sale<\/h3>\n<p>Bitte denkt daran, dass nicht nur die Tage k\u00fcrzer werden, sondern auch die \u00d6ffnungszeiten im Sekretariat ab Oktober ge\u00e4ndert werden. Wir sind <strong>ab Oktober<\/strong> <strong>Montag bis Sonntag von 9-17 Uhr<\/strong> f\u00fcr euch da. <strong>Ab 16.09<\/strong> startet bei uns im Pro Shop der <strong>Herbst Sale<\/strong> und es gibt viele tolle Angebote wie<br \/>\nbeispielsweise <strong>20% auf alle Schuhe und 20% auf die Bekleidung auf dem Kleiderst\u00e4nder vor den Shop<\/strong>. Zus\u00e4tzlich werden wir auf das gesamte Sortiment (au\u00dfer Kleinteile und Zubeh\u00f6r) einen Nachlass von<br \/>\n10% gew\u00e4hren und ihn direkt f\u00fcr euch an der Kasse abziehen.<\/p>\n<p>Bei Fragen zu unserem Sale kommt bitte direkt auf uns zu und wir werden euch weiterhelfen.<\/p>\n<p>&nbsp;<\/p>\n<p>&nbsp;<\/p>\n<p>&nbsp;<\/p>\n<p>&nbsp;<\/p>\n<p>&nbsp;<\/p>\n","protected":false},"excerpt":{"rendered":"<p>Sekretariat: \u00d6ffnungszeiten und Sale Bitte denkt daran, dass nicht nur die Tage k\u00fcrzer werden, sondern auch die \u00d6ffnungszeiten im Sekretariat ab Oktober ge\u00e4ndert werden. Wir sind ab Oktober Montag bis [&hellip;]<\/p>\n","protected":false},"author":5,"featured_media":0,"comment_status":"closed","ping_status":"closed","sticky":false,"template":"","format":"standard","meta":{"_EventAllDay":false,"_EventTimezone":"","_EventStartDate":"","_EventEndDate":"","_EventStartDateUTC":"","_EventEndDateUTC":"","_EventShowMap":false,"_EventShowMapLink":false,"_EventURL":"","_EventCost":"","_EventCostDescription":"","_EventCurrencySymbol":"","_EventCurrencyCode":"","_EventCurrencyPosition":"","_EventDateTimeSeparator":"","_EventTimeRangeSeparator":"","_EventOrganizerID":[],"_EventVenueID":0,"_OrganizerEmail":"","_OrganizerPhone":"","_OrganizerWebsite":"","_VenueAddress":"","_VenueCity":"","_VenueCountry":"","_VenueProvince":"","_VenueZip":"","_VenuePhone":"","_VenueURL":"","_VenueStateProvince":"","_VenueLat":"","_VenueLng":"","_links_to":"","_links_to_target":""},"categories":[81],"tags":[],"_links":{"self":[{"href":"https:\/\/golfclubabenberg.de\/index.php\/wp-json\/wp\/v2\/posts\/19952"}],"collection":[{"href":"https:\/\/golfclubabenberg.de\/index.php\/wp-json\/wp\/v2\/posts"}],"about":[{"href":"https:\/\/golfclubabenberg.de\/index.php\/wp-json\/wp\/v2\/types\/post"}],"author":[{"embeddable":true,"href":"https:\/\/golfclubabenberg.de\/index.php\/wp-json\/wp\/v2\/users\/5"}],"replies":[{"embeddable":true,"href":"https:\/\/golfclubabenberg.de\/index.php\/wp-json\/wp\/v2\/comments?post=19952"}],"version-history":[{"count":2,"href":"https:\/\/golfclubabenberg.de\/index.php\/wp-json\/wp\/v2\/posts\/19952\/revisions"}],"predecessor-version":[{"id":19955,"href":"https:\/\/golfclubabenberg.de\/index.php\/wp-json\/wp\/v2\/posts\/19952\/revisions\/19955"}],"wp:attachment":[{"href":"https:\/\/golfclubabenberg.de\/index.php\/wp-json\/wp\/v2\/media?parent=19952"}],"wp:term":[{"taxonomy":"category","embeddable":true,"href":"https:\/\/golfclubabenberg.de\/index.php\/wp-json\/wp\/v2\/categories?post=19952"},{"taxonomy":"post_tag","embeddable":true,"href":"https:\/\/golfclubabenberg.de\/index.php\/wp-json\/wp\/v2\/tags?post=19952"}],"curies":[{"name":"wp","href":"https:\/\/api.w.org\/{rel}","templated":true}]}}