{"id":16586,"date":"2021-03-22T16:30:55","date_gmt":"2021-03-22T15:30:55","guid":{"rendered":"https:\/\/golfclubabenberg.de\/?p=16586"},"modified":"2021-03-22T16:33:25","modified_gmt":"2021-03-22T15:33:25","slug":"sommergruens-maerz-2021","status":"publish","type":"post","link":"https:\/\/golfclubabenberg.de\/index.php\/2021\/03\/22\/sommergruens-maerz-2021\/","title":{"rendered":"Sommergr\u00fcns ge\u00f6ffnet ab 24.3.2020"},"content":{"rendered":"<p>Die g\u00fcnstige Wetterprognose f\u00fcr die kommenden Tage macht es m\u00f6glich: am Mittwoch, 24.M\u00e4rz er\u00f6ffnen wir die Sommergr\u00fcns!! Auf den \u201eschattigen\u201c <strong>Bahnen C6, C7 und C8 m\u00fcssen noch die Wintergr\u00fcns<\/strong> <strong>angespielt werden<\/strong>. Corona-bedingt bleiben die Toiletten auf dem Platz weiterhin geschlossen. Bitte achten Sie bei Ihrer Startzeitenreservierung auf die aktuell g\u00fcltigen Vorschriften!<\/p>\n<p>&nbsp;<\/p>\n<p><img loading=\"lazy\" class=\"alignnone wp-image-6494 size-full\" src=\"https:\/\/golfclubabenberg.de\/wp-content\/uploads\/nachhaltigkeit.jpg\" alt=\"\" width=\"510\" height=\"368\" srcset=\"https:\/\/golfclubabenberg.de\/wp-content\/uploads\/nachhaltigkeit.jpg 510w, https:\/\/golfclubabenberg.de\/wp-content\/uploads\/nachhaltigkeit-300x216.jpg 300w\" sizes=\"(max-width: 510px) 100vw, 510px\" \/><\/p>\n<p>&nbsp;<\/p>\n<p>&nbsp;<\/p>\n","protected":false},"excerpt":{"rendered":"<p>Die g\u00fcnstige Wetterprognose f\u00fcr die kommenden Tage macht es m\u00f6glich: am Mittwoch, 24.M\u00e4rz er\u00f6ffnen wir die Sommergr\u00fcns!! Auf den \u201eschattigen\u201c Bahnen C6, C7 und C8 m\u00fcssen noch die Wintergr\u00fcns angespielt [&hellip;]<\/p>\n","protected":false},"author":5,"featured_media":0,"comment_status":"closed","ping_status":"closed","sticky":false,"template":"","format":"standard","meta":{"_EventAllDay":false,"_EventTimezone":"","_EventStartDate":"","_EventEndDate":"","_EventStartDateUTC":"","_EventEndDateUTC":"","_EventShowMap":false,"_EventShowMapLink":false,"_EventURL":"","_EventCost":"","_EventCostDescription":"","_EventCurrencySymbol":"","_EventCurrencyCode":"","_EventCurrencyPosition":"","_EventDateTimeSeparator":"","_EventTimeRangeSeparator":"","_EventOrganizerID":[],"_EventVenueID":0,"_OrganizerEmail":"","_OrganizerPhone":"","_OrganizerWebsite":"","_VenueAddress":"","_VenueCity":"","_VenueCountry":"","_VenueProvince":"","_VenueZip":"","_VenuePhone":"","_VenueURL":"","_VenueStateProvince":"","_VenueLat":"","_VenueLng":"","_links_to":"","_links_to_target":""},"categories":[81],"tags":[],"_links":{"self":[{"href":"https:\/\/golfclubabenberg.de\/index.php\/wp-json\/wp\/v2\/posts\/16586"}],"collection":[{"href":"https:\/\/golfclubabenberg.de\/index.php\/wp-json\/wp\/v2\/posts"}],"about":[{"href":"https:\/\/golfclubabenberg.de\/index.php\/wp-json\/wp\/v2\/types\/post"}],"author":[{"embeddable":true,"href":"https:\/\/golfclubabenberg.de\/index.php\/wp-json\/wp\/v2\/users\/5"}],"replies":[{"embeddable":true,"href":"https:\/\/golfclubabenberg.de\/index.php\/wp-json\/wp\/v2\/comments?post=16586"}],"version-history":[{"count":0,"href":"https:\/\/golfclubabenberg.de\/index.php\/wp-json\/wp\/v2\/posts\/16586\/revisions"}],"wp:attachment":[{"href":"https:\/\/golfclubabenberg.de\/index.php\/wp-json\/wp\/v2\/media?parent=16586"}],"wp:term":[{"taxonomy":"category","embeddable":true,"href":"https:\/\/golfclubabenberg.de\/index.php\/wp-json\/wp\/v2\/categories?post=16586"},{"taxonomy":"post_tag","embeddable":true,"href":"https:\/\/golfclubabenberg.de\/index.php\/wp-json\/wp\/v2\/tags?post=16586"}],"curies":[{"name":"wp","href":"https:\/\/api.w.org\/{rel}","templated":true}]}}