{"id":16485,"date":"2021-03-04T19:26:22","date_gmt":"2021-03-04T18:26:22","guid":{"rendered":"https:\/\/golfclubabenberg.de\/?p=16485"},"modified":"2021-03-04T19:26:22","modified_gmt":"2021-03-04T18:26:22","slug":"golf-wieder-moeglich-ab-8-3","status":"publish","type":"post","link":"https:\/\/golfclubabenberg.de\/index.php\/2021\/03\/04\/golf-wieder-moeglich-ab-8-3\/","title":{"rendered":"Golf wieder m\u00f6glich ab 8.3.2021"},"content":{"rendered":"<p>Es geht endlich wieder los:<\/p>\n<div class=\"\" dir=\"auto\">\n<div id=\"jsc_c_g7\" class=\"ecm0bbzt hv4rvrfc ihqw7lf3 dati1w0a\" data-ad-comet-preview=\"message\" data-ad-preview=\"message\">\n<div class=\"j83agx80 cbu4d94t ew0dbk1b irj2b8pg\">\n<div class=\"qzhwtbm6 knvmm38d\">\n<div class=\"kvgmc6g5 cxmmr5t8 oygrvhab hcukyx3x c1et5uql ii04i59q\">\n<div dir=\"auto\">lange hat es gedauert, doch jetzt ist das Golfen auch in Bayern ab Montag den 08.03.2021 wieder m\u00f6glich!<\/div>\n<div dir=\"auto\"><\/div>\n<div dir=\"auto\">Wir sind dar\u00fcber sehr gl\u00fccklich und freuen uns, endlich wieder Golfer auf unserer Anlage begr\u00fc\u00dfen zu d\u00fcrfen.<\/div>\n<\/div>\n<p><\/p>\n<div class=\"o9v6fnle cxmmr5t8 oygrvhab hcukyx3x c1et5uql ii04i59q\">\n<div dir=\"auto\">Folgende Rahmenbedingungen gelten f\u00fcr das Golfspiel ab Montag:<\/div>\n<ul>\n<li dir=\"auto\">Alle drei 9-Loch Schleifen sind buchbar<\/li>\n<li dir=\"auto\">Es wird in 2er Flights in 8 Min Abstand gestartet<\/li>\n<li dir=\"auto\">Pro Tag ist eine Buchung f\u00fcr eine 9-Loch-Runde m\u00f6glich<\/li>\n<li dir=\"auto\">Nach der 9-Loch Runde kann eine weitere 9-Loch-Runde bei vorhandener Kapazit\u00e4t ausschlie\u00dflich \u00fcber die Rezeption gebucht werden<\/li>\n<li dir=\"auto\">Die Buchung der Startzeiten erfolgt \u00fcber PC-Caddie und ist 7 Tage im Voraus m\u00f6glich<\/li>\n<li dir=\"auto\">Wir starten aufgrund der Witterung auf Wintergr\u00fcns (Sommerabschl\u00e4ge)<\/li>\n<li dir=\"auto\">Das Spiel ist bis auf weiteres nur f\u00fcr Mitglieder m\u00f6glich<\/li>\n<li dir=\"auto\">Buchungen sind ab Samstag, 06.03.21 ab 6 Uhr m\u00f6glich<\/li>\n<\/ul>\n<\/div>\n<div class=\"o9v6fnle cxmmr5t8 oygrvhab hcukyx3x c1et5uql ii04i59q\">\n<div dir=\"auto\">Diese Buchungsregeln gelten f\u00fcr die erste Woche und werden dann anhand der gewonnenen Erfahrungen und der Inzidenzwerte im Landkreis Roth angepasst.<\/div>\n<div dir=\"auto\">Es gelten weiterhin die allgemeinen Hygieneregeln Abstand halten, Maske im Clubhaus und Kontaktbeschr\u00e4nkungen.<\/div>\n<p>\n<\/div>\n<div class=\"o9v6fnle cxmmr5t8 oygrvhab hcukyx3x c1et5uql ii04i59q\">\n<div dir=\"auto\"><\/div>\n<div dir=\"auto\">Wir freuen uns auf eine erfolgreiche Golfsaison!<\/div>\n<\/div>\n<div class=\"o9v6fnle cxmmr5t8 oygrvhab hcukyx3x c1et5uql ii04i59q\">\n<div dir=\"auto\">Ihr Team vom Golfclub Abenberg e.V.<\/div>\n<div dir=\"auto\"><img loading=\"lazy\" class=\"alignnone size-medium wp-image-16486\" src=\"https:\/\/golfclubabenberg.de\/wp-content\/uploads\/geht_wieder_los-300x225.jpg\" alt=\"\" width=\"300\" height=\"225\" srcset=\"https:\/\/golfclubabenberg.de\/wp-content\/uploads\/geht_wieder_los-300x225.jpg 300w, https:\/\/golfclubabenberg.de\/wp-content\/uploads\/geht_wieder_los-600x450.jpg 600w, https:\/\/golfclubabenberg.de\/wp-content\/uploads\/geht_wieder_los.jpg 640w\" sizes=\"(max-width: 300px) 100vw, 300px\" \/><\/div>\n<\/div>\n<\/div>\n<\/div>\n<\/div>\n<\/div>\n<p>&nbsp;<\/p>\n","protected":false},"excerpt":{"rendered":"<p>Es geht endlich wieder los: lange hat es gedauert, doch jetzt ist das Golfen auch in Bayern ab Montag den 08.03.2021 wieder m\u00f6glich! Wir sind dar\u00fcber sehr gl\u00fccklich und freuen [&hellip;]<\/p>\n","protected":false},"author":5,"featured_media":0,"comment_status":"closed","ping_status":"closed","sticky":false,"template":"","format":"standard","meta":{"_EventAllDay":false,"_EventTimezone":"","_EventStartDate":"","_EventEndDate":"","_EventStartDateUTC":"","_EventEndDateUTC":"","_EventShowMap":false,"_EventShowMapLink":false,"_EventURL":"","_EventCost":"","_EventCostDescription":"","_EventCurrencySymbol":"","_EventCurrencyCode":"","_EventCurrencyPosition":"","_EventDateTimeSeparator":"","_EventTimeRangeSeparator":"","_EventOrganizerID":[],"_EventVenueID":0,"_OrganizerEmail":"","_OrganizerPhone":"","_OrganizerWebsite":"","_VenueAddress":"","_VenueCity":"","_VenueCountry":"","_VenueProvince":"","_VenueZip":"","_VenuePhone":"","_VenueURL":"","_VenueStateProvince":"","_VenueLat":"","_VenueLng":"","_links_to":"","_links_to_target":""},"categories":[81],"tags":[],"_links":{"self":[{"href":"https:\/\/golfclubabenberg.de\/index.php\/wp-json\/wp\/v2\/posts\/16485"}],"collection":[{"href":"https:\/\/golfclubabenberg.de\/index.php\/wp-json\/wp\/v2\/posts"}],"about":[{"href":"https:\/\/golfclubabenberg.de\/index.php\/wp-json\/wp\/v2\/types\/post"}],"author":[{"embeddable":true,"href":"https:\/\/golfclubabenberg.de\/index.php\/wp-json\/wp\/v2\/users\/5"}],"replies":[{"embeddable":true,"href":"https:\/\/golfclubabenberg.de\/index.php\/wp-json\/wp\/v2\/comments?post=16485"}],"version-history":[{"count":0,"href":"https:\/\/golfclubabenberg.de\/index.php\/wp-json\/wp\/v2\/posts\/16485\/revisions"}],"wp:attachment":[{"href":"https:\/\/golfclubabenberg.de\/index.php\/wp-json\/wp\/v2\/media?parent=16485"}],"wp:term":[{"taxonomy":"category","embeddable":true,"href":"https:\/\/golfclubabenberg.de\/index.php\/wp-json\/wp\/v2\/categories?post=16485"},{"taxonomy":"post_tag","embeddable":true,"href":"https:\/\/golfclubabenberg.de\/index.php\/wp-json\/wp\/v2\/tags?post=16485"}],"curies":[{"name":"wp","href":"https:\/\/api.w.org\/{rel}","templated":true}]}}