{"id":15085,"date":"2020-07-20T09:38:07","date_gmt":"2020-07-20T07:38:07","guid":{"rendered":"https:\/\/golfclubabenberg.de\/?p=15085"},"modified":"2020-07-20T09:38:07","modified_gmt":"2020-07-20T07:38:07","slug":"robin-on-tour","status":"publish","type":"post","link":"https:\/\/golfclubabenberg.de\/index.php\/2020\/07\/20\/robin-on-tour\/","title":{"rendered":"Unser Golf-Pro Robin on Tour"},"content":{"rendered":"<p><span id=\"fbPhotoSnowliftCaption\" class=\"fbPhotosPhotoCaption\" tabindex=\"0\" aria-live=\"polite\" data-ft=\"{&quot;tn&quot;:&quot;K&quot;}\"><span class=\"hasCaption\">Unser <strong>Golfprofessional Robin<\/strong> hat dieses Wochenende im Allg\u00e4u beim gro\u00dfen und gut besetzten Interpane ProAm sein erstes Turnier seit der Corona Zwangspause gespielt und einen soliden 11. Platz erreicht. N\u00e4chste Woche spielt er in M\u00fcnchen als Titelverteidiger bei den ProjectGolfworld Invitationals gegen gestandene Gr\u00f6\u00dfen wie Siem, Heisele, Ritthammer und viele mehr. Wir w\u00fcnschen ihm dabei viel Erfolg!<br \/>\n<\/span><\/span><\/p>\n<p><img loading=\"lazy\" class=\"alignnone wp-image-15086 size-full\" src=\"https:\/\/golfclubabenberg.de\/wp-content\/uploads\/Robin-on-tour.jpg\" alt=\"\" width=\"640\" height=\"480\" srcset=\"https:\/\/golfclubabenberg.de\/wp-content\/uploads\/Robin-on-tour.jpg 640w, https:\/\/golfclubabenberg.de\/wp-content\/uploads\/Robin-on-tour-300x225.jpg 300w, https:\/\/golfclubabenberg.de\/wp-content\/uploads\/Robin-on-tour-600x450.jpg 600w\" sizes=\"(max-width: 640px) 100vw, 640px\" \/><\/p>\n<div align=\"left\">\n<div align=\"left\">\n<div align=\"left\"><\/div>\n<\/div>\n<\/div>\n<p><span id=\"fbPhotoSnowliftCaption\" class=\"fbPhotosPhotoCaption\" tabindex=\"0\" aria-live=\"polite\" data-ft=\"{&quot;tn&quot;:&quot;K&quot;}\"><span class=\"hasCaption\">\u00a0<\/span><\/span><\/p>\n<p>&nbsp;<\/p>\n<p>&nbsp;<\/p>\n<p>&nbsp;<\/p>\n","protected":false},"excerpt":{"rendered":"<p>Unser Golfprofessional Robin hat dieses Wochenende im Allg\u00e4u beim gro\u00dfen und gut besetzten Interpane ProAm sein erstes Turnier seit der Corona Zwangspause gespielt und einen soliden 11. Platz erreicht. N\u00e4chste [&hellip;]<\/p>\n","protected":false},"author":5,"featured_media":0,"comment_status":"closed","ping_status":"closed","sticky":false,"template":"","format":"standard","meta":{"_EventAllDay":false,"_EventTimezone":"","_EventStartDate":"","_EventEndDate":"","_EventStartDateUTC":"","_EventEndDateUTC":"","_EventShowMap":false,"_EventShowMapLink":false,"_EventURL":"","_EventCost":"","_EventCostDescription":"","_EventCurrencySymbol":"","_EventCurrencyCode":"","_EventCurrencyPosition":"","_EventDateTimeSeparator":"","_EventTimeRangeSeparator":"","_EventOrganizerID":[],"_EventVenueID":0,"_OrganizerEmail":"","_OrganizerPhone":"","_OrganizerWebsite":"","_VenueAddress":"","_VenueCity":"","_VenueCountry":"","_VenueProvince":"","_VenueZip":"","_VenuePhone":"","_VenueURL":"","_VenueStateProvince":"","_VenueLat":"","_VenueLng":"","_links_to":"","_links_to_target":""},"categories":[81],"tags":[],"_links":{"self":[{"href":"https:\/\/golfclubabenberg.de\/index.php\/wp-json\/wp\/v2\/posts\/15085"}],"collection":[{"href":"https:\/\/golfclubabenberg.de\/index.php\/wp-json\/wp\/v2\/posts"}],"about":[{"href":"https:\/\/golfclubabenberg.de\/index.php\/wp-json\/wp\/v2\/types\/post"}],"author":[{"embeddable":true,"href":"https:\/\/golfclubabenberg.de\/index.php\/wp-json\/wp\/v2\/users\/5"}],"replies":[{"embeddable":true,"href":"https:\/\/golfclubabenberg.de\/index.php\/wp-json\/wp\/v2\/comments?post=15085"}],"version-history":[{"count":0,"href":"https:\/\/golfclubabenberg.de\/index.php\/wp-json\/wp\/v2\/posts\/15085\/revisions"}],"wp:attachment":[{"href":"https:\/\/golfclubabenberg.de\/index.php\/wp-json\/wp\/v2\/media?parent=15085"}],"wp:term":[{"taxonomy":"category","embeddable":true,"href":"https:\/\/golfclubabenberg.de\/index.php\/wp-json\/wp\/v2\/categories?post=15085"},{"taxonomy":"post_tag","embeddable":true,"href":"https:\/\/golfclubabenberg.de\/index.php\/wp-json\/wp\/v2\/tags?post=15085"}],"curies":[{"name":"wp","href":"https:\/\/api.w.org\/{rel}","templated":true}]}}